[{"@context":"https:\/\/schema.org\/","@type":"Article","@id":"https:\/\/www.grygara.cz\/zmente-svuj-bytovy-prostor\/#Article","mainEntityOfPage":"https:\/\/www.grygara.cz\/zmente-svuj-bytovy-prostor\/","headline":"Zm\u011b\u0148te sv\u016fj bytov\u00fd prostor!","name":"Zm\u011b\u0148te sv\u016fj bytov\u00fd prostor!","description":"Bl\u00ed\u017e\u00ed se konec roku a s n\u00edm i doba bilancov\u00e1n\u00ed. D\u00e1v\u00e1me si r\u016fzn\u00e1 p\u0159edsevzet\u00ed a m\u00e1me pocit, \u017ee s nov\u00fdm rokem bychom m\u011bli za\u010d\u00ednat se spoustou v\u011bc\u00ed nov\u011b. Je to tak dan\u00e9 oded\u00e1vna. Proto\u017ee nov\u00fd<a class=\"excerpt-readmore\" href=\"https:\/\/www.grygara.cz\/zmente-svuj-bytovy-prostor\/\">&hellip;Continue Reading<\/a>","datePublished":"2021-10-03","dateModified":"2023-04-29","author":{"@type":"Person","@id":"https:\/\/www.grygara.cz\/author\/#Person","name":"","url":"https:\/\/www.grygara.cz\/author\/","identifier":1,"image":{"@type":"ImageObject","@id":"https:\/\/secure.gravatar.com\/avatar\/da76ffe9456a057fb26f92cd8eb3d2effca853864e9ae2a35290bd1e10b1f7d4?s=96&d=mm&r=g","url":"https:\/\/secure.gravatar.com\/avatar\/da76ffe9456a057fb26f92cd8eb3d2effca853864e9ae2a35290bd1e10b1f7d4?s=96&d=mm&r=g","height":96,"width":96}},"publisher":{"@type":"Organization","name":"grygara.cz","logo":{"@type":"ImageObject","@id":"\/logo.png","url":"\/logo.png","width":600,"height":60}},"image":{"@type":"ImageObject","@id":"https:\/\/www.grygara.cz\/wp-content\/uploads\/Sn%C3%ADmek%20obrazovky%202021-11-30%20195347.png","url":"https:\/\/www.grygara.cz\/wp-content\/uploads\/Sn%C3%ADmek%20obrazovky%202021-11-30%20195347.png","height":0,"width":0},"url":"https:\/\/www.grygara.cz\/zmente-svuj-bytovy-prostor\/","about":["D\u016fm"],"wordCount":468,"articleBody":"       Bl\u00ed\u017e\u00ed se konec roku a s n\u00edm i doba bilancov\u00e1n\u00ed. D\u00e1v\u00e1me si r\u016fzn\u00e1 p\u0159edsevzet\u00ed a m\u00e1me pocit, \u017ee s nov\u00fdm rokem bychom m\u011bli za\u010d\u00ednat se spoustou v\u011bc\u00ed nov\u011b. Je to tak dan\u00e9 oded\u00e1vna. Proto\u017ee nov\u00fd rok vn\u00edmali ji\u017e na\u0161i p\u0159edkov\u00e9 jako p\u0159\u00edslib dal\u0161\u00edho \u017eivota a v\u011b\u0159ili, \u017ee jim nov\u00fd rok p\u0159inese dobrou \u00farodu, pevn\u00e9 zdrav\u00ed a pospolitost v rodin\u011b. Dnes \u0159e\u0161\u00edme podobn\u00e9 z\u00e1le\u017eitosti, ale nav\u00edc \u017eijeme v prostoru, kter\u00fd r\u00e1di m\u011bn\u00edme, a to pr\u00e1v\u011b s i nov\u00fdm rokem, jeliko\u017e m\u00edv\u00e1me pocit, \u017ee si v sob\u011b n\u011bco mus\u00edme uspo\u0159\u00e1dat nebo vy\u010distit. A to p\u0159en\u00e1\u0161\u00edme hmatateln\u011b do bytu, ve kter\u00e9m bydl\u00edme anebo do dome\u010dku, kter\u00fd sd\u00edl\u00edme se svou rodinou. Proto p\u0159estavujeme a vy\u0159azujeme nepot\u0159ebn\u00e9 v\u011bci. Ty ale je\u0161t\u011b m\u016f\u017eeme darovat, pokud mohou poslou\u017eit ostatn\u00edm. D\u011bl\u00e1me si p\u0159ed sebou a mezi sebou prostor, abychom mohli voln\u011bji d\u00fdchat \u2026 a vytv\u00e1\u0159\u00edme t\u00edm Prostor pro nov\u00e9 v\u011bci. Star\u00e9 nepot\u0159ebn\u00e9 v\u011bci, ke kter\u00fdm sice m\u00e1me vztah, ale pocity ji\u017e vyprchaly a jen se na n\u011b pr\u00e1\u0161\u00ed, neust\u00e1le je mus\u00edme p\u0159esouvat, ot\u00edrat a u\u017e n\u00e1s to zm\u00e1h\u00e1, pak existuj\u00ed i facebookov\u00e9 str\u00e1nky, kde tyto v\u011bci\u010dky m\u016f\u017eete zpen\u011b\u017eit anebo vym\u011bnit za jin\u00e9 drobnosti, kter\u00e9 v\u00e1s oslov\u00ed. Ale v\u0161eho s m\u00edrou. Pokud se n\u011b\u010deho zbavujete, nenechte se zahrnout nov\u00fdmi v\u011bcmi jen proto, abyste jim ud\u011blali m\u00edsto. Nep\u0159ehl\u00e9dn\u011bte ani va\u0161e pln\u00e9 sk\u0159\u00edn\u011b, kter\u00e9 mo\u017en\u00e1 tak\u00e9 cht\u011bj\u00ed prov\u011btrat, kdy se do nich nakupila spousta oble\u010den\u00ed, kter\u00e9 mnohdy p\u00e1r let vis\u00ed nepov\u0161imnuto na ram\u00ednk\u00e1ch. Pokud jste danou v\u011bc nem\u011bli v\u00edce ne\u017e rok \u2013 dva na sob\u011b, neobl\u00e9kli jste si je, pak je bez milosti vy\u0159a\u010fte. A op\u011bt pros\u00edm nevyhazovat, ale nap\u0159\u00edklad v\u011bnovat do Charitn\u00edho \u0161atn\u00edku, kde je\u0161t\u011b ud\u011blaj\u00ed radost jin\u00fdm lidem.V ka\u017ed\u00e9m p\u0159\u00edpad\u011b postupujte s rozmyslem a ud\u011blejte si prostor ve sv\u00e9m interi\u00e9ru a kolem sebe, jen tak si v p\u0159enesen\u00e9m slova smyslu \u201evy\u010dist\u00edte hlavu\u201c. Budete m\u00edt \u010disto okolo sebe a \u010disto v hlav\u011b \u2026 a s nov\u00fdmi pocity se m\u016f\u017eete vrhnout do v\u00edru \u017eivota a p\u0159iv\u00edtat tak nov\u00fd rok v nov\u00e9m h\u00e1vu s \u010distotou v du\u0161i a s nad\u0161en\u00edm, co kr\u00e1sn\u00e9ho v\u00e1s v roce 2022 \u010dek\u00e1.                                                                                                                                                                                                                                                                                                                                                                                          4\/5 - (5 votes)        "},{"@context":"https:\/\/schema.org\/","@type":"BreadcrumbList","itemListElement":[{"@type":"ListItem","position":1,"name":"Zm\u011b\u0148te sv\u016fj bytov\u00fd prostor!","item":"https:\/\/www.grygara.cz\/zmente-svuj-bytovy-prostor\/#breadcrumbitem"}]}]