[{"@context":"https:\/\/schema.org\/","@type":"Article","@id":"https:\/\/www.grygara.cz\/velke-zmeny-v-ochrane-osobnich-udaju\/#Article","mainEntityOfPage":"https:\/\/www.grygara.cz\/velke-zmeny-v-ochrane-osobnich-udaju\/","headline":"Velk\u00e9 zm\u011bny v ochran\u011b osobn\u00edch \u00fadaj\u016f","name":"Velk\u00e9 zm\u011bny v ochran\u011b osobn\u00edch \u00fadaj\u016f","description":"Na konci kv\u011btna 2018 vejde v platnost upraven\u00e1 evropsk\u00e1 sm\u011brnice o ochran\u011b osobn\u00edch \u00fadaj\u016f (GDPR). Z\u00e1kladn\u00ed zm\u011bna sm\u011brnice se bude t\u00fdkat \u00fapravou vnit\u0159n\u00edch sm\u011brnic zam\u011bstnavatel\u016f se zam\u011bstnanci i dodavateli. Na tuto zm\u011bnu se ji\u017e p\u0159ipravuje<a class=\"excerpt-readmore\" href=\"https:\/\/www.grygara.cz\/velke-zmeny-v-ochrane-osobnich-udaju\/\">&hellip;Continue Reading<\/a>","datePublished":"2025-03-05","dateModified":"2023-04-29","author":{"@type":"Person","@id":"https:\/\/www.grygara.cz\/author\/#Person","name":"","url":"https:\/\/www.grygara.cz\/author\/","identifier":1,"image":{"@type":"ImageObject","@id":"https:\/\/secure.gravatar.com\/avatar\/da76ffe9456a057fb26f92cd8eb3d2effca853864e9ae2a35290bd1e10b1f7d4?s=96&d=mm&r=g","url":"https:\/\/secure.gravatar.com\/avatar\/da76ffe9456a057fb26f92cd8eb3d2effca853864e9ae2a35290bd1e10b1f7d4?s=96&d=mm&r=g","height":96,"width":96}},"publisher":{"@type":"Organization","name":"grygara.cz","logo":{"@type":"ImageObject","@id":"\/logo.png","url":"\/logo.png","width":600,"height":60}},"image":{"@type":"ImageObject","@id":"https:\/\/www.grygara.cz\/wp-content\/uploads\/img_a309308_w2046_t1520250438.jpg","url":"https:\/\/www.grygara.cz\/wp-content\/uploads\/img_a309308_w2046_t1520250438.jpg","height":0,"width":0},"url":"https:\/\/www.grygara.cz\/velke-zmeny-v-ochrane-osobnich-udaju\/","wordCount":464,"articleBody":"Na konci kv\u011btna 2018 vejde v platnost upraven\u00e1 evropsk\u00e1 sm\u011brnice o ochran\u011b osobn\u00edch \u00fadaj\u016f (GDPR). Z\u00e1kladn\u00ed zm\u011bna sm\u011brnice se bude t\u00fdkat \u00fapravou vnit\u0159n\u00edch sm\u011brnic zam\u011bstnavatel\u016f se zam\u011bstnanci i dodavateli. Na tuto zm\u011bnu se ji\u017e p\u0159ipravuje v\u00edce jak 80 procent podnikatel\u016f. P\u0159ipravenost \u010desk\u00fdch i zahrani\u010dn\u00edch podnikatel\u016f pat\u0159\u00edc\u00edch do EU v\u0161ak nen\u00ed p\u0159\u00edli\u0161 dobr\u00e1. Z jak\u00e9ho d\u016fvodu?\tT\u0159etina podnikatel\u016f v\u016fbec nev\u00ed, jak\u00e1 opat\u0159en\u00ed podniknoutV sou\u010dasnosti je nejv\u011bt\u0161\u00edm probl\u00e9mem fakt, \u017ee vl\u00e1da prozat\u00edm nepublikovala p\u0159esn\u00e9 zn\u011bn\u00ed nov\u00e9 GDPR, kter\u00e1 bude za\u0159azena do \u010desk\u00e9 legislativy. A\u017e t\u0159etina mal\u00fdch i velk\u00fdch podnikatel\u016f si proto nen\u00ed v\u016fbec jist\u00e1, jak\u00e9 kroky by m\u011bly podstoupit k zaji\u0161t\u011bn\u00ed v\u0161ech po\u017eadavk\u016f sm\u011brnice.\u00a0Za\u010dlen\u011bn\u00ed pot\u0159ebn\u00fdch opat\u0159en\u00ed m\u016f\u017ee u n\u011bkter\u00fdch spole\u010dnost\u00ed trvat i n\u011bkolik m\u011bs\u00edc\u016f, proto je pro n\u011b d\u016fle\u017eit\u00e9, aby s nimi za\u010dali v\u010das. O novou sm\u011brnici GDPR se ji\u017e aktivn\u011b zaj\u00edm\u00e1 72 procent mal\u00fdch a 95 procent velk\u00fdch firem. Velkou spole\u010dnost\u00ed je my\u0161lena firma s v\u00edce jak 250 zam\u011bstnanci.\tKoho se zm\u011bny t\u00fdkaj\u00ed?Zm\u011bny se dotknou prakticky v\u0161ech spole\u010dnost\u00ed, a to men\u0161\u00edch i v\u011bt\u0161\u00edch firem, osob samostatn\u011b v\u00fdd\u011ble\u010dn\u011b \u010dinn\u00fdch, st\u00e1tn\u00edch instituc\u00ed i neziskov\u00fdch organizac\u00ed. Opat\u0159en\u00ed pro zaji\u0161t\u011bn\u00ed nov\u00e9ho souhlasu se zpracov\u00e1n\u00edm osobn\u00edch \u00fadaj\u016f a jejich ochrana podle nov\u00e9 sm\u011brnice se dotkne v\u0161ech, kdo maj\u00ed sv\u00e9 zam\u011bstnance, z\u00e1kazn\u00edky, dodavatele, \u010dleny \u010di p\u0159\u00edznivce.\u00a0Mnoho firem ji\u017e za\u010dalo prov\u00e1d\u011bt zm\u011bny, a to p\u0159edev\u0161\u00edm ve smlouv\u00e1ch se zam\u011bstnanci a dodavateli. Z pr\u016fzkumu vypl\u00fdv\u00e1, \u017ee se o sm\u011brnici moment\u00e1ln\u011b zaj\u00edmaj\u00ed nejv\u00edce spole\u010dnosti ve zpracovatelsk\u00e9m pr\u016fmyslu. Nejm\u00e9n\u011b naopak firmy ve stavebnictv\u00ed. Stejn\u011b velk\u00e9 rozd\u00edly v zaujatosti podnikatel\u016f jsou mezi zam\u011bstnavateli z velk\u00fdch m\u011bst a spole\u010dnostmi z men\u0161\u00edch \u010di mal\u00fdch obc\u00ed.\tKontroly nov\u00fdch opat\u0159en\u00edZ\u00e1kladn\u00edm kamenem \u00farazu ale z\u016fst\u00e1v\u00e1 nedostate\u010dn\u00e1 informovanost v\u0161ech spole\u010dnost\u00ed bez ohledu na jejich velikost, po\u010det zam\u011bstnanc\u016f, s\u00eddlo a ro\u010dn\u00ed obraty. Pr\u00e1v\u011b z tohoto d\u016fvodu se hospod\u00e1\u0159sk\u00e1 komora rozhodla, \u017ee \u00da\u0159ad pro ochranu osobn\u00edch \u00fadaj\u016f se p\u0159i kontrol\u00e1ch bude v po\u010d\u00e1tc\u00edch sna\u017eit nejd\u0159\u00edve o upozorn\u011bn\u00ed podnikatele na chyby a doporu\u010den\u00ed na jejich opat\u0159en\u00ed a a\u017e pot\u00e9 bude spole\u010dnosti sankcionovat.                                                                                                                                                                                                                                                                                                                                                                                        4.5\/5 - (8 votes)        "},{"@context":"https:\/\/schema.org\/","@type":"BreadcrumbList","itemListElement":[{"@type":"ListItem","position":1,"name":"Velk\u00e9 zm\u011bny v ochran\u011b osobn\u00edch \u00fadaj\u016f","item":"https:\/\/www.grygara.cz\/velke-zmeny-v-ochrane-osobnich-udaju\/#breadcrumbitem"}]}]