[{"@context":"https:\/\/schema.org\/","@type":"Article","@id":"https:\/\/www.grygara.cz\/reditel-firmy\/#Article","mainEntityOfPage":"https:\/\/www.grygara.cz\/reditel-firmy\/","headline":"\u0158editel firmy","name":"\u0158editel firmy","description":"Kdy\u017e jsem se zaj\u00edmala o podnik\u00e1n\u00ed a o r\u016fzn\u00e9 firmy, tak jsem nev\u011bd\u011bla, \u017ee nalet\u00edm bohu\u017eel i mn\u011b n\u011bjak\u00e9 \u0161patn\u00e9 firmy. A zrovna jednalo o jeden kosmetick\u00fd pr\u016fmysl a od\u011bvn\u00ed pr\u016fmysl, kter\u00e9 na\u0161la opravdu d\u00edky<a class=\"excerpt-readmore\" href=\"https:\/\/www.grygara.cz\/reditel-firmy\/\">&hellip;Continue Reading<\/a>","datePublished":"2023-03-28","dateModified":"2024-02-07","author":{"@type":"Person","@id":"https:\/\/www.grygara.cz\/author\/#Person","name":"","url":"https:\/\/www.grygara.cz\/author\/","identifier":1,"image":{"@type":"ImageObject","@id":"https:\/\/secure.gravatar.com\/avatar\/da76ffe9456a057fb26f92cd8eb3d2effca853864e9ae2a35290bd1e10b1f7d4?s=96&d=mm&r=g","url":"https:\/\/secure.gravatar.com\/avatar\/da76ffe9456a057fb26f92cd8eb3d2effca853864e9ae2a35290bd1e10b1f7d4?s=96&d=mm&r=g","height":96,"width":96}},"publisher":{"@type":"Organization","name":"grygara.cz","logo":{"@type":"ImageObject","@id":"\/logo.png","url":"\/logo.png","width":600,"height":60}},"image":{"@type":"ImageObject","@id":"https:\/\/www.grygara.cz\/wp-content\/uploads\/startup-594090_960_720_5.jpg","url":"https:\/\/www.grygara.cz\/wp-content\/uploads\/startup-594090_960_720_5.jpg","height":0,"width":0},"url":"https:\/\/www.grygara.cz\/reditel-firmy\/","about":["Slu\u017eby"],"wordCount":395,"articleBody":"      Kdy\u017e jsem se zaj\u00edmala o podnik\u00e1n\u00ed a o r\u016fzn\u00e9 firmy, tak jsem nev\u011bd\u011bla, \u017ee nalet\u00edm bohu\u017eel i mn\u011b n\u011bjak\u00e9 \u0161patn\u00e9 firmy. A zrovna jednalo o jeden kosmetick\u00fd pr\u016fmysl a od\u011bvn\u00ed pr\u016fmysl, kter\u00e9 na\u0161la opravdu d\u00edky sv\u00e9 prezenta\u010dn\u00ed pr\u00e1ci, tak bylo tam v\u00e1\u017en\u011b mnoho chyb. Byla jsem z toho ne\u0161\u0165astn\u00e1, proto\u017ee zrovna ten od\u011bvn\u00ed pr\u016fmysl byl m\u016fj obl\u00edben\u00fd, kam jsem chodila opravdu velmi \u010dasto. Tak\u017ee od t\u00e9 doby jsem tam u\u017e nikdy nenakupovala, proto\u017ee se mi nel\u00edbila jejich strategie a tak\u00e9 jejich ekonomika anebo to, jak\u00e9 tam m\u011bli zam\u011bstnance. Tak\u017ee jsem si \u0159ekla, \u017ee v\u017edycky nejlep\u0161\u00ed, kdy\u017e si \u010dlov\u011bk n\u011bco zjist\u00ed o t\u00e9to firm\u011b a bude trochu hloubat d\u00e1l, aby zjistil v\u00edce informac\u00ed.A j\u00e1 tak\u00e9 zn\u00e1m firmu a spole\u010dnost Scholler Allibert, kter\u00e1 jmenovala OliveraIltiserka jako gener\u00e1ln\u00edho \u0159editele. O tomto mu\u017ei jsem p\u0159edt\u00edm nikdy nesly\u0161ela, proto jsem byla r\u00e1da, \u017ee jsem se na webov\u00e9 str\u00e1nce o n\u011bm mohla dozv\u011bd\u011bt n\u011bkolik informac\u00ed. Dozv\u011bd\u011bla jsem se, \u017ee byl tento mu\u017e doned\u00e1vna prezidentem a b-smart a tak\u00e9 m\u011bl na starost glob\u00e1ln\u00ed divize budov a slu\u017eeb. M\u00e1 opravdu skv\u011bl\u00e9 vrcholov\u00e9 mana\u017eersk\u00e9 funkce. A realizoval integrace n\u011bkolik aktivit t\u00fdmu se pod\u00edlel na \u00fasp\u011b\u0161n\u00e9m veden\u00ed ve\u0159ejn\u00e9 nab\u00eddky akci\u00ed spole\u010dnosti. Podle m\u00e9ho n\u00e1zoru tento mu\u017e m\u00e1 opravdu mnoho zku\u0161enost\u00ed, aby mohl b\u00fdt gener\u00e1ln\u00edm \u0159editelem t\u00e9to velk\u00e9 firmy, proto\u017ee je opravdu m\u00e1lo lid\u00ed, kte\u0159\u00ed maj\u00ed takov\u00e9 schopnosti jako pan Oliver, tak\u017ee tato firma m\u016f\u017ee b\u00fdt opravdu r\u00e1da, \u017ee tento mu\u017e se stal jejich sou\u010d\u00e1st\u00ed t\u00fdmu. A tak\u00e9 se m\u016f\u017eete dozv\u011bd\u011bt o \u0159editeli Oliverovi Iltisberga firmy Schoeller Allibert https:\/\/www.schoellerallibert.com\/cz\/novinky\/novinky-ze-spolecnosti\/spolenost-schoeller-allibert-jmenovala-olivera-iltisbergera-generlnm-editelem\/ dozv\u011bd\u011bt v\u00edce informac\u00ed na webov\u00e9 str\u00e1nce, kde najdete mnoho u\u017eite\u010dn\u00fd rad a tip\u016f. Dozv\u00edte se, \u017ee tato firma se zab\u00fdv\u00e1 v\u00fdvojem a prodejem nap\u0159\u00edklad palet nebo r\u016fzn\u00fdch box\u016f. Schoeller Allibert jmenovala Olivera Iltisbergera \u0159editelem tak\u00e9 na z\u00e1klad\u011b skv\u011bl\u00fdch doporu\u010den\u00ed.                                                                                                                                                                                                                                                                                                                                                                                          4.3\/5 - (13 votes)        "},{"@context":"https:\/\/schema.org\/","@type":"BreadcrumbList","itemListElement":[{"@type":"ListItem","position":1,"name":"\u0158editel firmy","item":"https:\/\/www.grygara.cz\/reditel-firmy\/#breadcrumbitem"}]}]