[{"@context":"https:\/\/schema.org\/","@type":"Article","@id":"https:\/\/www.grygara.cz\/modernizace-interieru\/#Article","mainEntityOfPage":"https:\/\/www.grygara.cz\/modernizace-interieru\/","headline":"Modernizace interi\u00e9ru","name":"Modernizace interi\u00e9ru","description":"Tak\u00e9 jste p\u0159em\u00fd\u0161leli, \u017ee byste si k v\u00e1m dom\u016f dali vestav\u011bn\u00e9 sk\u0159\u00edn\u011b? Vestav\u011bn\u00e9 sk\u0159\u00edn\u011b z Prahy se v\u00e1m ur\u010dit\u011b vyplat\u00ed, kdy\u017e vy budete cht\u00edt modernizovat sv\u00e9 obydl\u00ed, sv\u016fj interi\u00e9r. J\u00e1 sama jsem si \u0159ekla, \u017ee<a class=\"excerpt-readmore\" href=\"https:\/\/www.grygara.cz\/modernizace-interieru\/\">&hellip;Continue Reading<\/a>","datePublished":"2024-01-21","dateModified":"2024-02-22","author":{"@type":"Person","@id":"https:\/\/www.grygara.cz\/author\/#Person","name":"","url":"https:\/\/www.grygara.cz\/author\/","identifier":1,"image":{"@type":"ImageObject","@id":"https:\/\/secure.gravatar.com\/avatar\/da76ffe9456a057fb26f92cd8eb3d2effca853864e9ae2a35290bd1e10b1f7d4?s=96&d=mm&r=g","url":"https:\/\/secure.gravatar.com\/avatar\/da76ffe9456a057fb26f92cd8eb3d2effca853864e9ae2a35290bd1e10b1f7d4?s=96&d=mm&r=g","height":96,"width":96}},"publisher":{"@type":"Organization","name":"grygara.cz","logo":{"@type":"ImageObject","@id":"\/logo.png","url":"\/logo.png","width":600,"height":60}},"image":{"@type":"ImageObject","@id":"https:\/\/www.grygara.cz\/wp-content\/uploads\/furniture-3077029_1280.jpg","url":"https:\/\/www.grygara.cz\/wp-content\/uploads\/furniture-3077029_1280.jpg","height":0,"width":0},"url":"https:\/\/www.grygara.cz\/modernizace-interieru\/","about":["Slu\u017eby"],"wordCount":426,"articleBody":"      Tak\u00e9 jste p\u0159em\u00fd\u0161leli, \u017ee byste si k v\u00e1m dom\u016f dali vestav\u011bn\u00e9 sk\u0159\u00edn\u011b? Vestav\u011bn\u00e9 sk\u0159\u00edn\u011b z Prahy se v\u00e1m ur\u010dit\u011b vyplat\u00ed, kdy\u017e vy budete cht\u00edt modernizovat sv\u00e9 obydl\u00ed, sv\u016fj interi\u00e9r. J\u00e1 sama jsem si \u0159ekla, \u017ee kdy\u017e u\u017e tak\u00e9 uva\u017eujeme o tom, \u017ee bychom si nechali p\u0159emodernizovat ob\u00fdvac\u00ed pokoj a tak\u00e9 kuchyni, proto\u017ee tohle m\u00e1me u\u017e opravdu hodn\u011b dlouho. A sama jsem si \u0159ekla, \u017ee se mi to u\u017e nel\u00edb\u00ed. Tak\u00e9 dokonce je prok\u00e1z\u00e1no, \u017ee psychologov\u00e9 \u0159\u00edkaj\u00ed, \u017ee kdy\u017e t\u0159eba n\u011bkdo va\u0159\u00ed takov\u00e9 m\u00edstnosti, kter\u00e1 se mu opravdu hodn\u011b l\u00edb\u00ed a c\u00edt\u00ed se tam v po\u0159\u00e1dku a v pohod\u011b, tak pr\u00fd va\u0159\u00ed l\u00edp a s l\u00e1skou. Tohle je pravda, proto\u017ee j\u00e1 m\u00e1m starou kuchy\u0148, kter\u00e1 u\u017e m\u00e1 deset let a u\u017e je to takov\u00e9 rozvrzan\u00e9. A moc se mi to v\u016fbec nel\u00edb\u00ed. Sotva n\u00e1bytek dr\u017e\u00ed pohromad\u011b, tak jsem partnerovi \u0159ekla, \u017ee bych cht\u011bla nejenom t\u0159eba n\u00e1bytek na m\u00edru, ale tak\u00e9 pra\u017esk\u00e9 vestav\u011bn\u00e9 sk\u0159\u00edn\u011b. Proto\u017ee moje kamar\u00e1dka mi \u0159\u00edkala, \u017ee zn\u00e1 jednu firmu v Praze, kter\u00e1 se pr\u00e1v\u011b zab\u00fdv\u00e1 vestav\u011bn\u00fdmi sk\u0159\u00edn\u011bmi. A tak jsem kamar\u00e1dce \u0159ekla, aby mi dala informace a tak\u00e9 kontakty na pra\u017eskou firmu, kter\u00e1 se zab\u00fdv\u00e1 vestav\u011bn\u00fdmi sk\u0159\u00edn\u011bmi. Kdy\u017e jsem to ne\u0159ekla sv\u00e9mu partnerovi, tak byl opravdu p\u0159ekvapen\u00fd. On toti\u017e nev\u011bd\u011bl, \u017ee m\u00e1m o to takov\u00fd z\u00e1jem a \u017ee se o to budu zaj\u00edmat. Proto jsem partnerovi \u0159ekla, aby se neb\u00e1l a aby norm\u00e1ln\u011b pochopil, co jsou to vestav\u011bn\u00e9 sk\u0159\u00edn\u011b, proto\u017ee partner je opravdu velik\u00fd \u0161et\u0159\u00edlek. A on s\u00e1m mi \u0159ekl, \u017ee v\u016fbec nev\u00ed, jestli vestav\u011bn\u00e9 sk\u0159\u00edni budeme m\u00edt. Kdy\u017e jsem se zeptala partnera, pro\u010d v\u016fbec nev\u00ed, jestli budeme m\u00edt vestav\u011bn\u00e9 sk\u0159\u00edn\u011b z Prahy, tak on mi \u0159ekl, \u017ee je to hlavn\u011b kv\u016fli cen\u011b. Pr\u00fd u\u017e \u0161et\u0159\u00edme na dovolenou a tak\u00e9 na nov\u00e9 auto. A \u017ee bychom je\u0161t\u011b m\u011bli utr\u00e1cet pen\u00edze za vestav\u011bn\u00e9 sk\u0159\u00edn\u011b? Jenom\u017ee m\u011b pr\u00e1v\u011b p\u0159ijde, \u017ee v prvn\u00ed \u0159ad\u011b bychom m\u011bli modernizovat interi\u00e9r. Tak uvid\u00edm, jak se partner nakonec rozhodne. A budu doufat v to, \u017ee bude cht\u00edt v prvn\u00ed \u0159ad\u011b pra\u017esk\u00e9 vestav\u011bn\u00e9 sk\u0159\u00edn\u011b.                                                                                                                                                                                                                                                                                                                                                                                           5\/5 - (4 votes)        "},{"@context":"https:\/\/schema.org\/","@type":"BreadcrumbList","itemListElement":[{"@type":"ListItem","position":1,"name":"Modernizace interi\u00e9ru","item":"https:\/\/www.grygara.cz\/modernizace-interieru\/#breadcrumbitem"}]}]